{"@context":"https:\/\/schema.org\/","@type":"CollectionPage","@id":"https:\/\/www.elector.cz\/web\/#CollectionPage","headline":"Web Category","description":"","url":"https:\/\/www.elector.cz\/web\/","hasPart":[{"@type":"Article","@id":"https:\/\/www.elector.cz\/proc-myti-oken-v-ostrave-sverit-profesionalum\/","headline":"Pro\u010d myt\u00ed oken v Ostrav\u011b sv\u011b\u0159it profesion\u00e1l\u016fm","url":"https:\/\/www.elector.cz\/proc-myti-oken-v-ostrave-sverit-profesionalum\/","datePublished":"2024-07-06","dateModified":"2024-07-06","mainEntityOfPage":"https:\/\/www.elector.cz\/proc-myti-oken-v-ostrave-sverit-profesionalum\/","author":{"@type":"Person","@id":"https:\/\/www.elector.cz\/author\/#Person","name":"","url":"https:\/\/www.elector.cz\/author\/","identifier":1,"image":{"@type":"ImageObject","@id":"https:\/\/secure.gravatar.com\/avatar\/670235c08005d2f1b80a3d56a421809661de47ce0289bd1c93d0120f6ef211a4?s=96&d=mm&r=g","url":"https:\/\/secure.gravatar.com\/avatar\/670235c08005d2f1b80a3d56a421809661de47ce0289bd1c93d0120f6ef211a4?s=96&d=mm&r=g","height":96,"width":96}},"publisher":{"@type":"Organization","name":"elector.cz","logo":{"@type":"ImageObject","@id":"\/logo.png","url":"\/logo.png","width":600,"height":60}},"image":{"@type":"ImageObject","@id":"https:\/\/www.elector.cz\/wp-content\/uploads\/apartment-building-6962116_640_4.jpg","url":"https:\/\/www.elector.cz\/wp-content\/uploads\/apartment-building-6962116_640_4.jpg","height":0,"width":0},"keywords":null},{"@type":"Article","@id":"https:\/\/www.elector.cz\/takze-shanite-prostory-kde-se-da\/","headline":"Tak\u017ee sh\u00e1n\u00edte prostory, kde se d\u00e1","url":"https:\/\/www.elector.cz\/takze-shanite-prostory-kde-se-da\/","datePublished":"2024-01-15","dateModified":"2024-01-15","mainEntityOfPage":"https:\/\/www.elector.cz\/takze-shanite-prostory-kde-se-da\/","author":{"@type":"Person","@id":"https:\/\/www.elector.cz\/author\/#Person","name":"","url":"https:\/\/www.elector.cz\/author\/","identifier":1,"image":{"@type":"ImageObject","@id":"https:\/\/secure.gravatar.com\/avatar\/670235c08005d2f1b80a3d56a421809661de47ce0289bd1c93d0120f6ef211a4?s=96&d=mm&r=g","url":"https:\/\/secure.gravatar.com\/avatar\/670235c08005d2f1b80a3d56a421809661de47ce0289bd1c93d0120f6ef211a4?s=96&d=mm&r=g","height":96,"width":96}},"publisher":{"@type":"Organization","name":"elector.cz","logo":{"@type":"ImageObject","@id":"\/logo.png","url":"\/logo.png","width":600,"height":60}},"image":{"@type":"ImageObject","@id":"https:\/\/www.elector.cz\/wp-content\/uploads\/dod%C3%A1vka%20u%C5%BE%20jede_5.png","url":"https:\/\/www.elector.cz\/wp-content\/uploads\/dod%C3%A1vka%20u%C5%BE%20jede_5.png","height":0,"width":0},"keywords":null},{"@type":"Article","@id":"https:\/\/www.elector.cz\/inspirativni-fotografie-kde-je-najdete\/","headline":"Inspirativn\u00ed fotografie, kde je najdete?","url":"https:\/\/www.elector.cz\/inspirativni-fotografie-kde-je-najdete\/","datePublished":"2019-10-12","dateModified":"2023-05-04","mainEntityOfPage":"https:\/\/www.elector.cz\/inspirativni-fotografie-kde-je-najdete\/","author":{"@type":"Person","@id":"https:\/\/www.elector.cz\/author\/#Person","name":"","url":"https:\/\/www.elector.cz\/author\/","identifier":1,"image":{"@type":"ImageObject","@id":"https:\/\/secure.gravatar.com\/avatar\/670235c08005d2f1b80a3d56a421809661de47ce0289bd1c93d0120f6ef211a4?s=96&d=mm&r=g","url":"https:\/\/secure.gravatar.com\/avatar\/670235c08005d2f1b80a3d56a421809661de47ce0289bd1c93d0120f6ef211a4?s=96&d=mm&r=g","height":96,"width":96}},"publisher":{"@type":"Organization","name":"elector.cz","logo":{"@type":"ImageObject","@id":"\/logo.png","url":"\/logo.png","width":600,"height":60}},"image":{"@type":"ImageObject","@id":"https:\/\/www.elector.cz\/wp-content\/uploads\/img_a356427_w3396_t1570968380.jpg","url":"https:\/\/www.elector.cz\/wp-content\/uploads\/img_a356427_w3396_t1570968380.jpg","height":0,"width":0},"keywords":null},{"@type":"Article","@id":"https:\/\/www.elector.cz\/detska-pevnost-nebo-kralovstvi\/","headline":"D\u011btsk\u00e1 pevnost nebo kr\u00e1lovstv\u00ed?","url":"https:\/\/www.elector.cz\/detska-pevnost-nebo-kralovstvi\/","datePublished":"2019-10-10","dateModified":"2023-08-17","mainEntityOfPage":"https:\/\/www.elector.cz\/detska-pevnost-nebo-kralovstvi\/","author":{"@type":"Person","@id":"https:\/\/www.elector.cz\/author\/#Person","name":"","url":"https:\/\/www.elector.cz\/author\/","identifier":1,"image":{"@type":"ImageObject","@id":"https:\/\/secure.gravatar.com\/avatar\/670235c08005d2f1b80a3d56a421809661de47ce0289bd1c93d0120f6ef211a4?s=96&d=mm&r=g","url":"https:\/\/secure.gravatar.com\/avatar\/670235c08005d2f1b80a3d56a421809661de47ce0289bd1c93d0120f6ef211a4?s=96&d=mm&r=g","height":96,"width":96}},"publisher":{"@type":"Organization","name":"elector.cz","logo":{"@type":"ImageObject","@id":"\/logo.png","url":"\/logo.png","width":600,"height":60}},"image":{"@type":"ImageObject","@id":"https:\/\/www.elector.cz\/wp-content\/uploads\/img_a366200_w1757_t1578909234.jpg","url":"https:\/\/www.elector.cz\/wp-content\/uploads\/img_a366200_w1757_t1578909234.jpg","height":0,"width":0},"keywords":null},{"@type":"Article","@id":"https:\/\/www.elector.cz\/firma-seolight\/","headline":"Firma seolight","url":"https:\/\/www.elector.cz\/firma-seolight\/","datePublished":"2018-05-22","dateModified":"2023-05-04","mainEntityOfPage":"https:\/\/www.elector.cz\/firma-seolight\/","author":{"@type":"Person","@id":"https:\/\/www.elector.cz\/author\/#Person","name":"","url":"https:\/\/www.elector.cz\/author\/","identifier":1,"image":{"@type":"ImageObject","@id":"https:\/\/secure.gravatar.com\/avatar\/670235c08005d2f1b80a3d56a421809661de47ce0289bd1c93d0120f6ef211a4?s=96&d=mm&r=g","url":"https:\/\/secure.gravatar.com\/avatar\/670235c08005d2f1b80a3d56a421809661de47ce0289bd1c93d0120f6ef211a4?s=96&d=mm&r=g","height":96,"width":96}},"publisher":{"@type":"Organization","name":"elector.cz","logo":{"@type":"ImageObject","@id":"\/logo.png","url":"\/logo.png","width":600,"height":60}},"image":{"@type":"ImageObject","@id":"https:\/\/www.elector.cz\/wp-content\/uploads\/img_a317927_w2362_t1528708415.png","url":"https:\/\/www.elector.cz\/wp-content\/uploads\/img_a317927_w2362_t1528708415.png","height":0,"width":0},"keywords":null},{"@type":"Article","@id":"https:\/\/www.elector.cz\/oslava-v-akci\/","headline":"Oslava v akci","url":"https:\/\/www.elector.cz\/oslava-v-akci\/","datePublished":"2017-01-28","dateModified":"2023-05-04","mainEntityOfPage":"https:\/\/www.elector.cz\/oslava-v-akci\/","author":{"@type":"Person","@id":"https:\/\/www.elector.cz\/author\/#Person","name":"","url":"https:\/\/www.elector.cz\/author\/","identifier":1,"image":{"@type":"ImageObject","@id":"https:\/\/secure.gravatar.com\/avatar\/670235c08005d2f1b80a3d56a421809661de47ce0289bd1c93d0120f6ef211a4?s=96&d=mm&r=g","url":"https:\/\/secure.gravatar.com\/avatar\/670235c08005d2f1b80a3d56a421809661de47ce0289bd1c93d0120f6ef211a4?s=96&d=mm&r=g","height":96,"width":96}},"publisher":{"@type":"Organization","name":"elector.cz","logo":{"@type":"ImageObject","@id":"\/logo.png","url":"\/logo.png","width":600,"height":60}},"image":null,"keywords":null}]}