[{"@context":"https:\/\/schema.org\/","@type":"Article","@id":"https:\/\/www.elector.cz\/to-nejkrasnejsi-ubytovani-pro-vas-i-celou-vasi-rodinu-je-tu\/#Article","mainEntityOfPage":"https:\/\/www.elector.cz\/to-nejkrasnejsi-ubytovani-pro-vas-i-celou-vasi-rodinu-je-tu\/","headline":"To nejkr\u00e1sn\u011bj\u0161\u00ed ubytov\u00e1n\u00ed pro V\u00e1s i celou Va\u0161i rodinu je tu!","name":"To nejkr\u00e1sn\u011bj\u0161\u00ed ubytov\u00e1n\u00ed pro V\u00e1s i celou Va\u0161i rodinu je tu!","description":"Bl\u00ed\u017e\u00ed se doba Va\u0161\u00ed dovolen\u00e9? Uva\u017eujete proto, kde dovolenou s celou rodinou pro\u017eijete? Chcete se pod\u00edvat na m\u00edsta, kde je spousta kr\u00e1sn\u00fdch pam\u00e1tek, ale kde tak\u00e9 dos\u00e1hnete zaslou\u017een\u00e9ho odpo\u010dinku a&hellip;","datePublished":"2024-12-19","dateModified":"2024-12-19","author":{"@type":"Person","@id":"https:\/\/www.elector.cz\/author\/#Person","name":"","url":"https:\/\/www.elector.cz\/author\/","identifier":1,"image":{"@type":"ImageObject","@id":"https:\/\/secure.gravatar.com\/avatar\/670235c08005d2f1b80a3d56a421809661de47ce0289bd1c93d0120f6ef211a4?s=96&d=mm&r=g","url":"https:\/\/secure.gravatar.com\/avatar\/670235c08005d2f1b80a3d56a421809661de47ce0289bd1c93d0120f6ef211a4?s=96&d=mm&r=g","height":96,"width":96}},"publisher":{"@type":"Organization","name":"elector.cz","logo":{"@type":"ImageObject","@id":"\/logo.png","url":"\/logo.png","width":600,"height":60}},"url":"https:\/\/www.elector.cz\/to-nejkrasnejsi-ubytovani-pro-vas-i-celou-vasi-rodinu-je-tu\/","wordCount":439,"articleBody":"Bl\u00ed\u017e\u00ed se doba Va\u0161\u00ed dovolen\u00e9? Uva\u017eujete proto, kde dovolenou s celou rodinou pro\u017eijete? Chcete se pod\u00edvat na m\u00edsta, kde je spousta kr\u00e1sn\u00fdch pam\u00e1tek, ale kde tak\u00e9 dos\u00e1hnete zaslou\u017een\u00e9ho odpo\u010dinku a relaxace? Pak ur\u010dit\u011b nev\u00e1hejte, a pro\u017eijte svou leto\u0161n\u00ed dovolenou i Vy v Benecku. Pokud tedy hled\u00e1te n\u011bjak\u00e9 kr\u00e1sn\u00e9 ubytov\u00e1n\u00ed, pak ur\u010dit\u011b nev\u00e1hejte, a obra\u0165te se na ten nejkr\u00e1sn\u011bj\u0161\u00ed penzion U V\u00e1\u0148\u016f, kter\u00e9 V\u00e1m m\u016f\u017ee nab\u00eddnout to nejkr\u00e1sn\u011bj\u0161\u00ed Benecko ubytov\u00e1n\u00ed se spoustou pohody, klidu a zaslou\u017een\u00e9 relaxace. Proto ur\u010dit\u011b nev\u00e1hejte, a pokud hled\u00e1te n\u011bjak\u00e9 vhodn\u00e9 m\u00edsto pro str\u00e1ven\u00ed Va\u0161\u00ed dovolen\u00e9 s d\u011btmi, pak si ur\u010dit\u011b zajist\u011bte to nejkr\u00e1sn\u011bj\u0161\u00ed a nejpohodln\u011bj\u0161\u00ed ubytov\u00e1n\u00ed v kr\u00e1sn\u00e9 lokalit\u011b Benecka.Klidn\u00e9, p\u0159\u00edjemn\u00e9 a levn\u00e9 ubytov\u00e1n\u00ed v kr\u00e1sn\u00e9 lokalit\u011b Benecka je tu pro V\u00e1s!Uva\u017eujete u\u017e dlouhou dobu, \u017ee svou leto\u0161n\u00ed dovolenou chcete pro\u017e\u00edt na n\u011bjak\u00e9m velmi klidn\u00e9m m\u00edst\u011b, kde si u\u017eijete spoustu pohody a zaslou\u017een\u00e9 relaxace? A hled\u00e1te tak\u00e9 n\u011bjakou vhodnou lokalitu, kde si u\u017eij\u00ed spoustu dobrodru\u017estv\u00ed a legrace i Va\u0161e d\u011bti? Pak ur\u010dit\u011b nev\u00e1hejte, a zaje\u010fte si s celou svou rodinou do Benecka, kde na V\u00e1s \u010dek\u00e1 to nejkr\u00e1sn\u011bj\u0161\u00ed ubytov\u00e1n\u00ed v penzionu U V\u00e1\u0148\u016f, kter\u00e9 disponuje jen tou nejvy\u0161\u0161\u00ed kvalitou, naprostou \u010distotou a tak\u00e9 tou nejni\u017e\u0161\u00ed cenou, kter\u00e1 V\u00e1s ur\u010dit\u011b pot\u011b\u0161\u00ed. Toto skv\u011bl\u00e9 Benecko ubytov\u00e1n\u00ed V\u00e1m jist\u011b p\u0159inese zaslou\u017een\u00fd klid, pohodu a relaxaci. A nav\u00edc Va\u0161e d\u011bti si zde tak\u00e9 u\u017eij\u00ed spoustu dobrodru\u017estv\u00ed. Toto jedine\u010dn\u00e9 Benecko ubytov\u00e1n\u00ed V\u00e1m tak\u00e9 m\u016f\u017ee p\u0159in\u00e9st i spoustu skv\u011bl\u00fdch v\u00fdhod, do kter\u00fdch pat\u0159\u00ed p\u0159edev\u0161\u00edm kulturn\u00ed a sportovn\u00ed vy\u017eit\u00ed, a nav\u00edc se ocitnete v lokalit\u011b, kter\u00e1 je cel\u00e1 obsyp\u00e1na p\u0159\u00edrodou, tud\u00ed\u017e si u\u017eijete spoustu pohody a klidu, ale tak\u00e9 m\u016f\u017eete podniknout spoustu skv\u011bl\u00fdch proch\u00e1zek v p\u0159\u00edrod\u011b. Toto ubytov\u00e1n\u00ed je opravdu naprosto vhodn\u00e9 pro rodiny s d\u011btmi, proto nev\u00e1hejte, a pokud uva\u017eujete jak o zimn\u00ed \u010di letn\u00ed dovolen\u00e9, tato skv\u011bl\u00e1 lokalita je jist\u011b pro V\u00e1s t\u00edm nejlep\u0161\u00edm \u0159e\u0161en\u00edm, nebo\u0165 toto skv\u011bl\u00e9 ubytov\u00e1n\u00ed V\u00e1m m\u016f\u017ee nab\u00eddnout spoustu v\u00fdhod jak v letn\u00edm obdob\u00ed, tak i v zimn\u00edm obdob\u00ed.                                                                                                                                                                                                                                                                                                                                                                                         5\/5 - (2 votes)        "},{"@context":"https:\/\/schema.org\/","@type":"BreadcrumbList","itemListElement":[{"@type":"ListItem","position":1,"name":"To nejkr\u00e1sn\u011bj\u0161\u00ed ubytov\u00e1n\u00ed pro V\u00e1s i celou Va\u0161i rodinu je tu!","item":"https:\/\/www.elector.cz\/to-nejkrasnejsi-ubytovani-pro-vas-i-celou-vasi-rodinu-je-tu\/#breadcrumbitem"}]}]