[{"@context":"https:\/\/schema.org\/","@type":"Article","@id":"https:\/\/www.elector.cz\/tak-jako-kazdy-rok-i-letos-chcete-dokonalou-vyzdobu\/#Article","mainEntityOfPage":"https:\/\/www.elector.cz\/tak-jako-kazdy-rok-i-letos-chcete-dokonalou-vyzdobu\/","headline":"Tak jako ka\u017ed\u00fd rok i letos chcete dokonalou v\u00fdzdobu","name":"Tak jako ka\u017ed\u00fd rok i letos chcete dokonalou v\u00fdzdobu","description":"Co d\u011bl\u00e1 V\u00e1noce V\u00e1nocemi? Co d\u011bl\u00e1 tu atmosf\u00e9ru klidu, pokoje, harmonie? Co n\u00e1m dod\u00e1v\u00e1 dobrou n\u00e1ladu, co zap\u0159\u00ed\u010di\u0148uje, \u017ee m\u00e1me V\u00e1noce a sv\u00e1tky s nimi spojen\u00e9 tak r\u00e1di? Jist\u011b, d\u00e1rky&hellip;","datePublished":"2024-10-22","dateModified":"2024-10-22","author":{"@type":"Person","@id":"https:\/\/www.elector.cz\/author\/#Person","name":"","url":"https:\/\/www.elector.cz\/author\/","identifier":1,"image":{"@type":"ImageObject","@id":"https:\/\/secure.gravatar.com\/avatar\/670235c08005d2f1b80a3d56a421809661de47ce0289bd1c93d0120f6ef211a4?s=96&d=mm&r=g","url":"https:\/\/secure.gravatar.com\/avatar\/670235c08005d2f1b80a3d56a421809661de47ce0289bd1c93d0120f6ef211a4?s=96&d=mm&r=g","height":96,"width":96}},"publisher":{"@type":"Organization","name":"elector.cz","logo":{"@type":"ImageObject","@id":"\/logo.png","url":"\/logo.png","width":600,"height":60}},"url":"https:\/\/www.elector.cz\/tak-jako-kazdy-rok-i-letos-chcete-dokonalou-vyzdobu\/","wordCount":263,"articleBody":"Co d\u011bl\u00e1 V\u00e1noce V\u00e1nocemi? Co d\u011bl\u00e1 tu atmosf\u00e9ru klidu, pokoje, harmonie? Co n\u00e1m dod\u00e1v\u00e1 dobrou n\u00e1ladu, co zap\u0159\u00ed\u010di\u0148uje, \u017ee m\u00e1me V\u00e1noce a sv\u00e1tky s nimi spojen\u00e9 tak r\u00e1di? Jist\u011b, d\u00e1rky ka\u017ed\u00e9ho pot\u011b\u0161\u00ed a asi by se nenalezlo mnoho t\u011bch, kdo by jimi opovrhovali. To, co ale d\u011bl\u00e1 tu skute\u010dnou atmosf\u00e9ru, je ta prav\u00e1 v\u00e1no\u010dn\u00ed v\u00fdzdoba! Ka\u017ed\u00fd si ji poj\u00edm\u00e1me po sv\u00e9m, ka\u017ed\u00fd m\u00e1me trochu jin\u00fd vkus, ale v\u0161ichni bychom se m\u011bli sej\u00edt na na\u0161em zaveden\u00e9m webu, proto\u017ee tam naleznete v\u0161e, co ud\u011bl\u00e1 ty prav\u00e9 V\u00e1noce i u v\u00e1s doma!V\u00e1noce tak, jak maj\u00ed b\u00fdtBez t\u00e9 spr\u00e1vn\u00e9 v\u00e1no\u010dn\u00ed v\u00fdzdoby se t\u011b\u017eko m\u016f\u017ee dostavit ta prav\u00e1 v\u00e1no\u010dn\u00ed atmosf\u00e9ra. Pot\u0159ebujeme v\u011bnec, pot\u0159ebujeme ozdoby na stromek, zdob\u00edme si okna v bytech i domech, zdob\u00edme cel\u00e9 pokoje, aby na n\u00e1s pak p\u0159i ka\u017ed\u00e9m vstupu dom\u016f d\u00fdchla v\u00e1no\u010dn\u00ed pohoda. Kdy\u017e se pod\u00edv\u00e1te k n\u00e1m, na na\u0161e internetov\u00e9 str\u00e1nky, pak pochop\u00edte, \u017ee v\u0161e, co pro tu spr\u00e1vnou atmosf\u00e9ru mus\u00edte ud\u011blat, m\u016f\u017eete naj\u00edt pr\u00e1v\u011b u n\u00e1s! Nenechte n\u00e1s \u010dekat, nakupte u n\u00e1s v\u0161e pot\u0159ebn\u00e9 a u\u017eijte si nezapomenuteln\u00e9 sv\u00e1tky se v\u0161\u00edm v\u0161udy!                                                                                                                                                                                                                                                                                                                                                                                        4.4\/5 - (5 votes)        "},{"@context":"https:\/\/schema.org\/","@type":"BreadcrumbList","itemListElement":[{"@type":"ListItem","position":1,"name":"Tak jako ka\u017ed\u00fd rok i letos chcete dokonalou v\u00fdzdobu","item":"https:\/\/www.elector.cz\/tak-jako-kazdy-rok-i-letos-chcete-dokonalou-vyzdobu\/#breadcrumbitem"}]}]